{"id":61671,"date":"2026-04-22T16:41:01","date_gmt":"2026-04-22T12:41:01","guid":{"rendered":"https:\/\/azat.tv\/en\/?p=61671"},"modified":"2026-04-22T16:41:01","modified_gmt":"2026-04-22T12:41:01","slug":"istanbul-bans-april-24-commemoration-2026","status":"publish","type":"post","link":"https:\/\/azat.tv\/en\/istanbul-bans-april-24-commemoration-2026\/","title":{"rendered":"Istanbul Authorities Ban April 24 Commemoration Gathering"},"content":{"rendered":"<div style=\"background: #f7fafc; padding: 15px; border-left: 4px solid #3b82f6;\">\n<p><strong>Quick Read<\/strong><\/p>\n<ul>\n<li>Istanbul authorities denied a permit for the April 24 commemoration in Kad\u0131k\u00f6y.<\/li>\n<li>The refusal continues a multi-year trend of banning public remembrance events.<\/li>\n<li>Organizers argue that commemorative assembly is a fundamental democratic right.<\/li>\n<\/ul>\n<\/div>\n<p>Turkish authorities have once again denied permission for a public commemoration of the Armenian Genocide in Istanbul, marking a continued trend of restricting civil society initiatives on April 24. The &#8220;April 24 Commemoration Platform&#8221; had formally requested authorization from the Istanbul Governor\u2019s Office to hold a gathering at 19:00 in Kad\u0131k\u00f6y, specifically in front of the S\u00fcreyya Opera House. The rejection of this request highlights a deepening tension between the state&#8217;s administrative control over public spaces and the fundamental right to freedom of assembly.<\/p>\n<h2>The Erosion of Civil Space<\/h2>\n<p>While commemoration events were held regularly in various Turkish cities, including Istanbul, prior to the COVID-19 pandemic, the landscape for such civil society actions has shifted significantly in recent years. The refusal by the Governor\u2019s Office to permit this year\u2019s gathering is not an isolated bureaucratic decision but part of a broader pattern of suppressing public discourse on historical grievances. Organizers have pointedly argued that the act of remembrance is a democratic right, essential for fostering social memory and facilitating a process of national reckoning with the past.<\/p>\n<h2>Normalization Rhetoric vs. Institutional Reality<\/h2>\n<p>This administrative ban presents a stark contrast to the official diplomatic rhetoric surrounding the ongoing Armenia-Turkey normalization process. While high-level discussions often focus on technical aspects of border management and transport, the persistent denial of public space for historical commemoration suggests that the Turkish state remains deeply uncomfortable with internal civic initiatives that confront the legacy of 1915. For a reconciliation process to be substantive and durable, it must allow for the participation of civil society on both sides of the border; however, by silencing these voices, Ankara risks undermining the societal trust necessary for any meaningful long-term rapprochement.<\/p>\n<p><em>Ultimately, the restriction on public mourning is a litmus test for the health of democratic institutions in Turkey. When the state treats peaceful remembrance as a security threat, it effectively delegates the management of history to administrative bodies rather than allowing for the maturation of a pluralistic society. As long as the state maintains this rigid posture, the prospects for a genuine, bottom-up confrontation with history remain severely constrained, regardless of the progress made in formal diplomatic channels.<\/em><\/p>\n","protected":false},"excerpt":{"rendered":"<p>For another consecutive year, Istanbul officials have denied permission for public Armenian Genocide commemoration events, signaling ongoing restrictions.<\/p>\n","protected":false},"author":1,"featured_media":-1,"comment_status":"closed","ping_status":"closed","sticky":false,"template":"","format":"standard","meta":{"googlesitekit_rrm_CAow5Nm1DA:productID":"","footnotes":""},"categories":[3,11059],"tags":[31,9719,1642,6698,714],"class_list":["post-61671","post","type-post","status-publish","format-standard","hentry","category-politics","category-social","tag-armenia","tag-commemoration","tag-human-rights","tag-istanbul","tag-turkey"],"featured_image_url":"https:\/\/azat.tv\/wp-content\/uploads\/2026\/04\/Turkey-Armenian-Genocide.jpg","_embedded":{"wp:featuredmedia":[{"id":-1,"source_url":"https:\/\/azat.tv\/wp-content\/uploads\/2026\/04\/Turkey-Armenian-Genocide.jpg","media_type":"image","mime_type":"image\/jpeg"}]},"_links":{"self":[{"href":"https:\/\/azat.tv\/en\/wp-json\/wp\/v2\/posts\/61671","targetHints":{"allow":["GET"]}}],"collection":[{"href":"https:\/\/azat.tv\/en\/wp-json\/wp\/v2\/posts"}],"about":[{"href":"https:\/\/azat.tv\/en\/wp-json\/wp\/v2\/types\/post"}],"author":[{"embeddable":true,"href":"https:\/\/azat.tv\/en\/wp-json\/wp\/v2\/users\/1"}],"replies":[{"embeddable":true,"href":"https:\/\/azat.tv\/en\/wp-json\/wp\/v2\/comments?post=61671"}],"version-history":[{"count":1,"href":"https:\/\/azat.tv\/en\/wp-json\/wp\/v2\/posts\/61671\/revisions"}],"predecessor-version":[{"id":61681,"href":"https:\/\/azat.tv\/en\/wp-json\/wp\/v2\/posts\/61671\/revisions\/61681"}],"wp:attachment":[{"href":"https:\/\/azat.tv\/en\/wp-json\/wp\/v2\/media?parent=61671"}],"wp:term":[{"taxonomy":"category","embeddable":true,"href":"https:\/\/azat.tv\/en\/wp-json\/wp\/v2\/categories?post=61671"},{"taxonomy":"post_tag","embeddable":true,"href":"https:\/\/azat.tv\/en\/wp-json\/wp\/v2\/tags?post=61671"}],"curies":[{"name":"wp","href":"https:\/\/api.w.org\/{rel}","templated":true}]}}